{"id":2557,"date":"2022-06-08T10:35:59","date_gmt":"2022-06-08T09:35:59","guid":{"rendered":"https:\/\/www.fkmsm.ch\/labo\/wordpress\/?p=2557"},"modified":"2022-06-08T10:36:00","modified_gmt":"2022-06-08T09:36:00","slug":"camp-de-pentecote-fkmsm-2022","status":"publish","type":"post","link":"https:\/\/www.fkmsm.ch\/labo\/wordpress\/archives\/2557","title":{"rendered":"Camp de pentec\u00f4te #FKMSM 2022"},"content":{"rendered":"\n<p>&#8211; Vivons par l\u2019Esprit !<\/p>\n\n\n\n<p>&#8220;Ny Fanahy dia miara-milaza amin&#8217;ny fanahintsika fa zanak&#8217;Andriamanitra isika.Ary raha zanaka, dia mpandova; eny, sady mpandova an&#8217;Andriamanitra no mpiray lova amin&#8217;i Kristy koa, raha miara-miaritra aminy isika mba hiara-manam-boninahitra aminy koa.&#8221; Romana 8: 16-17<\/p>\n\n\n\n<p>&#8220;L&#8217;Esprit lui-m\u00eame rend t\u00e9moignage \u00e0 notre esprit que nous sommes enfants de Dieu.Or, si nous sommes enfants, nous sommes aussi h\u00e9ritiers: h\u00e9ritiers de Dieu, et coh\u00e9ritiers de Christ, si toutefois nous souffrons avec lui, afin d&#8217;\u00eatre glorifi\u00e9s avec lui.&#8221; Romains 8, 16-17<\/p>\n\n\n\n<p><a href=\"https:\/\/www.facebook.com\/Diablerets-Valais-Switzerland-106436069389667\/?__cft__[0]=AZVDknd57sLkSAteXdPCvxIJ5HrnIv7nn9nT8jT_zmWr0xstG5YcadAeZ5Vfpj-XptgHotxCAGFE18EkP2QrOjkLibAVZDI3yDE2xz_6JDF_vtxc4IGFkXBNcNVW8c0mFzGp5DK1XAX8G3koM8CmKZfjfVzO5LE7yU0lSy5e-_jBMZIa-9UNgwk7aZEedb5hy-s&amp;__tn__=-UK-R\">Diablerets, Valais, Switzerland<\/a><\/p>\n\n\n\n<figure class=\"wp-block-gallery columns-2 is-cropped wp-block-gallery-1 is-layout-flex wp-block-gallery-is-layout-flex\"><ul class=\"blocks-gallery-grid\"><li class=\"blocks-gallery-item\"><figure><a href=\"https:\/\/www.fkmsm.ch\/labo\/wordpress\/wp-content\/uploads\/2022\/06\/COM-camp-1024x576.jpg\"><img loading=\"lazy\" decoding=\"async\" width=\"1024\" height=\"576\" src=\"https:\/\/www.fkmsm.ch\/labo\/wordpress\/wp-content\/uploads\/2022\/06\/COM-camp-1024x576.jpg\" alt=\"\" data-id=\"2559\" class=\"wp-image-2559\" srcset=\"https:\/\/www.fkmsm.ch\/labo\/wordpress\/wp-content\/uploads\/2022\/06\/COM-camp-1024x576.jpg 1024w, https:\/\/www.fkmsm.ch\/labo\/wordpress\/wp-content\/uploads\/2022\/06\/COM-camp-300x169.jpg 300w, https:\/\/www.fkmsm.ch\/labo\/wordpress\/wp-content\/uploads\/2022\/06\/COM-camp-768x432.jpg 768w, https:\/\/www.fkmsm.ch\/labo\/wordpress\/wp-content\/uploads\/2022\/06\/COM-camp-1536x864.jpg 1536w, https:\/\/www.fkmsm.ch\/labo\/wordpress\/wp-content\/uploads\/2022\/06\/COM-camp-2048x1152.jpg 2048w\" sizes=\"auto, (max-width: 1024px) 100vw, 1024px\" \/><\/a><\/figure><\/li><li class=\"blocks-gallery-item\"><figure><a href=\"https:\/\/www.fkmsm.ch\/labo\/wordpress\/wp-content\/uploads\/2022\/06\/COM_-scaled.jpg\"><img loading=\"lazy\" decoding=\"async\" width=\"1024\" height=\"576\" src=\"https:\/\/www.fkmsm.ch\/labo\/wordpress\/wp-content\/uploads\/2022\/06\/COM_-1024x576.jpg\" alt=\"\" data-id=\"2560\" data-full-url=\"https:\/\/www.fkmsm.ch\/labo\/wordpress\/wp-content\/uploads\/2022\/06\/COM_-scaled.jpg\" data-link=\"https:\/\/www.fkmsm.ch\/labo\/wordpress\/?attachment_id=2560\" class=\"wp-image-2560\" srcset=\"https:\/\/www.fkmsm.ch\/labo\/wordpress\/wp-content\/uploads\/2022\/06\/COM_-1024x576.jpg 1024w, https:\/\/www.fkmsm.ch\/labo\/wordpress\/wp-content\/uploads\/2022\/06\/COM_-300x169.jpg 300w, https:\/\/www.fkmsm.ch\/labo\/wordpress\/wp-content\/uploads\/2022\/06\/COM_-768x432.jpg 768w, https:\/\/www.fkmsm.ch\/labo\/wordpress\/wp-content\/uploads\/2022\/06\/COM_-1536x864.jpg 1536w, https:\/\/www.fkmsm.ch\/labo\/wordpress\/wp-content\/uploads\/2022\/06\/COM_-2048x1152.jpg 2048w\" sizes=\"auto, (max-width: 1024px) 100vw, 1024px\" \/><\/a><\/figure><\/li><\/ul><\/figure>\n","protected":false},"excerpt":{"rendered":"<p>&#8211; Vivons par l\u2019Esprit ! &#8220;Ny Fanahy dia miara-milaza amin&#8217;ny fanahintsika fa zanak&#8217;Andriamanitra isika.Ary raha zanaka, dia mpandova; eny, sady mpandova an&#8217;Andriamanitra no mpiray lova amin&#8217;i Kristy koa, raha miara-miaritra aminy isika mba hiara-manam-boninahitra aminy koa.&#8221; Romana 8: 16-17 &#8220;L&#8217;Esprit lui-m\u00eame rend t\u00e9moignage \u00e0 notre esprit que nous sommes enfants de Dieu.Or, si nous sommes [&hellip;]<\/p>\n","protected":false},"author":2,"featured_media":2558,"comment_status":"open","ping_status":"open","sticky":false,"template":"","format":"standard","meta":{"footnotes":""},"categories":[75,88],"tags":[],"class_list":["post-2557","post","type-post","status-publish","format-standard","has-post-thumbnail","hentry","category-annonces","category-inside","ctfw-has-image"],"_links":{"self":[{"href":"https:\/\/www.fkmsm.ch\/labo\/wordpress\/wp-json\/wp\/v2\/posts\/2557","targetHints":{"allow":["GET"]}}],"collection":[{"href":"https:\/\/www.fkmsm.ch\/labo\/wordpress\/wp-json\/wp\/v2\/posts"}],"about":[{"href":"https:\/\/www.fkmsm.ch\/labo\/wordpress\/wp-json\/wp\/v2\/types\/post"}],"author":[{"embeddable":true,"href":"https:\/\/www.fkmsm.ch\/labo\/wordpress\/wp-json\/wp\/v2\/users\/2"}],"replies":[{"embeddable":true,"href":"https:\/\/www.fkmsm.ch\/labo\/wordpress\/wp-json\/wp\/v2\/comments?post=2557"}],"version-history":[{"count":1,"href":"https:\/\/www.fkmsm.ch\/labo\/wordpress\/wp-json\/wp\/v2\/posts\/2557\/revisions"}],"predecessor-version":[{"id":2561,"href":"https:\/\/www.fkmsm.ch\/labo\/wordpress\/wp-json\/wp\/v2\/posts\/2557\/revisions\/2561"}],"wp:featuredmedia":[{"embeddable":true,"href":"https:\/\/www.fkmsm.ch\/labo\/wordpress\/wp-json\/wp\/v2\/media\/2558"}],"wp:attachment":[{"href":"https:\/\/www.fkmsm.ch\/labo\/wordpress\/wp-json\/wp\/v2\/media?parent=2557"}],"wp:term":[{"taxonomy":"category","embeddable":true,"href":"https:\/\/www.fkmsm.ch\/labo\/wordpress\/wp-json\/wp\/v2\/categories?post=2557"},{"taxonomy":"post_tag","embeddable":true,"href":"https:\/\/www.fkmsm.ch\/labo\/wordpress\/wp-json\/wp\/v2\/tags?post=2557"}],"curies":[{"name":"wp","href":"https:\/\/api.w.org\/{rel}","templated":true}]}}