{"id":1306,"date":"2014-05-13T20:28:53","date_gmt":"2014-05-13T19:28:53","guid":{"rendered":"http:\/\/www.fkmsm.ch\/labo\/wordpress\/?p=1306"},"modified":"2014-05-13T20:28:53","modified_gmt":"2014-05-13T19:28:53","slug":"110514-kermesse-2014-lausanne-ch","status":"publish","type":"post","link":"https:\/\/www.fkmsm.ch\/labo\/wordpress\/archives\/1306","title":{"rendered":"11|05|14 \u2013 Kermesse 2014 [Lausanne, CH]"},"content":{"rendered":"<div>\n<p><strong>RAPPEL\u00a0:\u00a0<\/strong><\/p>\n<p>&nbsp;<\/p>\n<p>Le dimanche 11 mai 2014 \u00e0 partir de 15h<strong>,<\/strong> la Communaut\u00e9 \u0153cum\u00e9nique malgache organise une <strong>kermesse <\/strong>dans le cadre des \u00e9v\u00e9nements conviviaux qu\u2019elle envisage au cours de l\u2019ann\u00e9e 2014.<\/p>\n<p>Nous vous invitons \u00e0 passer un apr\u00e8s-midi convivial et \u00e0 travers vos dons de soutenir les projets de d\u00e9veloppement et d&#8217;entraide en Suisse et \u00e0 Madagascar.<\/p>\n<p>&nbsp;<\/p>\n<p><strong>INFOS PRATIQUES :\u00a0<\/strong><\/p>\n<p><strong>\u00a0<\/strong><\/p>\n<p><a href=\"http:\/\/map.search.ch\/lausanne\/av.de-tivoli-74\">Salle paroissiale de S\u00e9velin<\/a><\/p>\n<p>Av. de Tivoli 74<\/p>\n<p>1007 Lausanne<\/p>\n<p><strong>\u00a0<\/strong><\/p>\n<p>Billet tombola : 5.- CHF \/ ticket de loto 2.-CHF<\/p>\n<p>Nombreux cadeaux \u00e0 gagner.<\/p>\n<p>&nbsp;<\/p>\n<p>Buffet et restauration sur place.<\/p>\n<p>&nbsp;<\/p>\n<p><strong>Parking<\/strong><\/p>\n<p>&#8211;\u00a0\u00a0\u00a0\u00a0\u00a0\u00a0\u00a0Garage AMAG, avenue de Provence 2, 1007 Lausanne<\/p>\n<p>&#8211;\u00a0\u00a0\u00a0\u00a0\u00a0\u00a0\u00a0Chemin de Montelly<\/p>\n<p>&#8211;\u00a0\u00a0\u00a0\u00a0\u00a0\u00a0\u00a0Chemin du Couchant<\/p>\n<p><strong>Metro <\/strong>M1 arr\u00eat Montelly.<\/p>\n<p>&nbsp;<\/p>\n<p>Au plaisir de vous rencontrer,<\/p>\n<p>Le comit\u00e9<\/p>\n<p><b>\u00a0<\/b><\/p>\n<\/div>\n<p style=\"text-align: center;\">\n","protected":false},"excerpt":{"rendered":"<p>RAPPEL\u00a0:\u00a0 &nbsp; Le dimanche 11 mai 2014 \u00e0 partir de 15h, la Communaut\u00e9 \u0153cum\u00e9nique malgache organise une kermesse dans le cadre des \u00e9v\u00e9nements conviviaux qu\u2019elle envisage au cours de l\u2019ann\u00e9e 2014. Nous vous invitons \u00e0 passer un apr\u00e8s-midi convivial et \u00e0 travers vos dons de soutenir les projets de d\u00e9veloppement et d&#8217;entraide en Suisse et [&hellip;]<\/p>\n","protected":false},"author":2,"featured_media":1287,"comment_status":"open","ping_status":"open","sticky":false,"template":"","format":"standard","meta":{"footnotes":""},"categories":[1],"tags":[],"class_list":["post-1306","post","type-post","status-publish","format-standard","has-post-thumbnail","hentry","category-non-classe","ctfw-has-image"],"_links":{"self":[{"href":"https:\/\/www.fkmsm.ch\/labo\/wordpress\/wp-json\/wp\/v2\/posts\/1306","targetHints":{"allow":["GET"]}}],"collection":[{"href":"https:\/\/www.fkmsm.ch\/labo\/wordpress\/wp-json\/wp\/v2\/posts"}],"about":[{"href":"https:\/\/www.fkmsm.ch\/labo\/wordpress\/wp-json\/wp\/v2\/types\/post"}],"author":[{"embeddable":true,"href":"https:\/\/www.fkmsm.ch\/labo\/wordpress\/wp-json\/wp\/v2\/users\/2"}],"replies":[{"embeddable":true,"href":"https:\/\/www.fkmsm.ch\/labo\/wordpress\/wp-json\/wp\/v2\/comments?post=1306"}],"version-history":[{"count":1,"href":"https:\/\/www.fkmsm.ch\/labo\/wordpress\/wp-json\/wp\/v2\/posts\/1306\/revisions"}],"predecessor-version":[{"id":1307,"href":"https:\/\/www.fkmsm.ch\/labo\/wordpress\/wp-json\/wp\/v2\/posts\/1306\/revisions\/1307"}],"wp:featuredmedia":[{"embeddable":true,"href":"https:\/\/www.fkmsm.ch\/labo\/wordpress\/wp-json\/wp\/v2\/media\/1287"}],"wp:attachment":[{"href":"https:\/\/www.fkmsm.ch\/labo\/wordpress\/wp-json\/wp\/v2\/media?parent=1306"}],"wp:term":[{"taxonomy":"category","embeddable":true,"href":"https:\/\/www.fkmsm.ch\/labo\/wordpress\/wp-json\/wp\/v2\/categories?post=1306"},{"taxonomy":"post_tag","embeddable":true,"href":"https:\/\/www.fkmsm.ch\/labo\/wordpress\/wp-json\/wp\/v2\/tags?post=1306"}],"curies":[{"name":"wp","href":"https:\/\/api.w.org\/{rel}","templated":true}]}}