{"id":2052,"date":"2019-07-02T08:11:19","date_gmt":"2019-07-02T07:11:19","guid":{"rendered":"http:\/\/www.fkmsm.ch\/labo\/wordpress\/?p=2052"},"modified":"2020-10-16T10:19:30","modified_gmt":"2020-10-16T09:19:30","slug":"newsletter-14-2019","status":"publish","type":"post","link":"http:\/\/www.fkmsm.ch\/labo\/wordpress\/archives\/2052","title":{"rendered":"Newsletter #14, 2019"},"content":{"rendered":"\n<p style=\"text-align: center;\"><iframe loading=\"lazy\" src=\"https:\/\/www.youtube.com\/embed\/IqxGx_x_mTs\" width=\"264\" height=\"157\" frameborder=\"0\" allowfullscreen=\"allowfullscreen\"><\/iframe><\/p>\n<p style=\"text-align: center;\">Bonjour \u00e0 toutes et \u00e0 tous,\nNous avons s\u00e9lectionn\u00e9 pour vous quelques photos de nos activit\u00e9s du mois d&#8217;avril au mois de juin 2019.\nN\u2019h\u00e9sitez pas \u00e0 nous envoyer vos infos, photos \u00e0 seraweb[@]<a href=\"http:\/\/fkmsm.ch\" target=\"_blank\" rel=\"noopener noreferrer\" data-saferedirecturl=\"https:\/\/www.google.com\/url?hl=fr&amp;q=http:\/\/fkmsm.ch&amp;source=gmail&amp;ust=1475331502898000&amp;usg=AFQjCNG2GbkFlR2PK_ZcMAMSlc3SFmVn1w\">fkmsm.ch<\/a>.\nNous nous ferons un plaisir de les relayer.\nMeilleures salutations<\/p>\n<p style=\"text-align: center;\">Salama tompoko,\nZarainay aminao sary vitsivitsy ny hetsika nataontsika farany t@ volana Aprily\u2013 Jona 2019.\nAza misalasala mizara ny vaovao sy ny sary ary mandefa @ seraweb[@]<a href=\"http:\/\/fkmsm.ch\" target=\"_blank\" rel=\"noopener noreferrer\" data-saferedirecturl=\"https:\/\/www.google.com\/url?hl=fr&amp;q=http:\/\/fkmsm.ch&amp;source=gmail&amp;ust=1475331502898000&amp;usg=AFQjCNG2GbkFlR2PK_ZcMAMSlc3SFmVn1w\">fkmsm.ch<\/a>\nMirary soa anao sy ny ankohonanao<\/p>\n<p style=\"text-align: center;\">\u00ab Ho Azy anie ny voninahitra mandrakizay mandrakizay. Amena. \u00bb<\/p>\n<p style=\"text-align: center;\">Communaut\u00e9 \u0153cum\u00e9nique chr\u00e9tienne malgache en Suisse et aux environs\nFiangonana Kristiana Malagasy eto Soisa sy ny Manodidina<\/p>\n\n\n\n<p><br><\/p>\n","protected":false},"excerpt":{"rendered":"<p>Bonjour \u00e0 toutes et \u00e0 tous, Nous avons s\u00e9lectionn\u00e9 pour vous quelques photos de nos activit\u00e9s du mois d&#8217;avril au mois de juin 2019. N\u2019h\u00e9sitez pas \u00e0 nous envoyer vos infos, photos \u00e0 seraweb[@]fkmsm.ch. Nous nous ferons un plaisir de les relayer. Meilleures salutations Salama tompoko, Zarainay aminao sary vitsivitsy ny hetsika nataontsika farany t@ [&hellip;]<\/p>\n","protected":false},"author":2,"featured_media":2053,"comment_status":"open","ping_status":"open","sticky":false,"template":"","format":"standard","meta":{"footnotes":""},"categories":[75],"tags":[],"class_list":["post-2052","post","type-post","status-publish","format-standard","has-post-thumbnail","hentry","category-annonces","ctfw-has-image"],"_links":{"self":[{"href":"http:\/\/www.fkmsm.ch\/labo\/wordpress\/wp-json\/wp\/v2\/posts\/2052","targetHints":{"allow":["GET"]}}],"collection":[{"href":"http:\/\/www.fkmsm.ch\/labo\/wordpress\/wp-json\/wp\/v2\/posts"}],"about":[{"href":"http:\/\/www.fkmsm.ch\/labo\/wordpress\/wp-json\/wp\/v2\/types\/post"}],"author":[{"embeddable":true,"href":"http:\/\/www.fkmsm.ch\/labo\/wordpress\/wp-json\/wp\/v2\/users\/2"}],"replies":[{"embeddable":true,"href":"http:\/\/www.fkmsm.ch\/labo\/wordpress\/wp-json\/wp\/v2\/comments?post=2052"}],"version-history":[{"count":5,"href":"http:\/\/www.fkmsm.ch\/labo\/wordpress\/wp-json\/wp\/v2\/posts\/2052\/revisions"}],"predecessor-version":[{"id":2290,"href":"http:\/\/www.fkmsm.ch\/labo\/wordpress\/wp-json\/wp\/v2\/posts\/2052\/revisions\/2290"}],"wp:featuredmedia":[{"embeddable":true,"href":"http:\/\/www.fkmsm.ch\/labo\/wordpress\/wp-json\/wp\/v2\/media\/2053"}],"wp:attachment":[{"href":"http:\/\/www.fkmsm.ch\/labo\/wordpress\/wp-json\/wp\/v2\/media?parent=2052"}],"wp:term":[{"taxonomy":"category","embeddable":true,"href":"http:\/\/www.fkmsm.ch\/labo\/wordpress\/wp-json\/wp\/v2\/categories?post=2052"},{"taxonomy":"post_tag","embeddable":true,"href":"http:\/\/www.fkmsm.ch\/labo\/wordpress\/wp-json\/wp\/v2\/tags?post=2052"}],"curies":[{"name":"wp","href":"https:\/\/api.w.org\/{rel}","templated":true}]}}